{"id":1718,"date":"2015-12-17T09:26:22","date_gmt":"2015-12-17T17:26:22","guid":{"rendered":"http:\/\/sustainabilityillustrated.com\/fr\/?p=1718"},"modified":"2015-12-17T09:28:15","modified_gmt":"2015-12-17T17:28:15","slug":"changement-climatique-dessin","status":"publish","type":"post","link":"https:\/\/sustainabilityillustrated.com\/fr\/2015\/12\/17\/changement-climatique-dessin\/","title":{"rendered":"Changement climatique : il ne s&rsquo;agit pas de stopper un m\u00e9chant&#8230;"},"content":{"rendered":"<h3>Changement climatique : il ne s&rsquo;agit pas de stopper un m\u00e9chant&#8230;<\/h3>\n<p>En avril dernier, <a href=\"http:\/\/www.naomiklein.org\" target=\"_blank\">Naomi Klein<\/a>\u00a0est venu \u00e0 Castlegar, une petite ville \u00e0 c\u00f4t\u00e9 de chez moi, pour parler du changement climatique et de son nouveau livre \u00ab\u00a0<a href=\"http:\/\/www.actes-sud.fr\/naomi-klein-tout-peut-changer\" target=\"_blank\">Tout peut changer : capitalisme &amp; changement climatique<\/a>\u00ab\u00a0. J&rsquo;y suis all\u00e9 avec mon \u00e9pouse et notre fils. C&rsquo;\u00e9tait une tr\u00e8s belle\u00a0soir\u00e9e et Naomi Klein avait plein de choses int\u00e9ressantes pour nous. M\u00eame si j&rsquo;en savais d\u00e9j\u00e0 pas mal sur le sujet, il est toujours bon\u00a0de faire une (douloureuse) piqure de rappel et cela m&rsquo;a fait du bien de me souvenir que je suis moi aussi responsable du changement climatique. Un point m&rsquo;a particuli\u00e8rement marqu\u00e9 ce soir-l\u00e0.\u00a0Et alors que le changement climatique partageait les grands titres avec la\u00a0<a href=\"http:\/\/www.cop21paris.org\/\" target=\"_blank\">COP 21<\/a>\u00a0\u00e0 Paris, j&rsquo;ai d\u00e9cid\u00e9 de le dessiner \u00e0 ma fa\u00e7on.<\/p>\n<p>Nous avons l&rsquo;habitude de r\u00e9gler les probl\u00e8mes de fa\u00e7on lin\u00e9aire, l&rsquo;un apr\u00e8s l&rsquo;autre. Mais le changement climatique est complexe : il\u00a0n&rsquo;a pas \u00e9t\u00e9\u00a0cr\u00e9\u00e9 par une seule cause\u00a0et ne peut \u00eatre r\u00e9gler par une seule solution. Il ne s&rsquo;agit pas de stopper ISIS ou un despote qui voudrait d\u00e9clencher une guerre atomique. <strong>Il s&rsquo;agit pour chacun d&rsquo;entre nous de stopper toutes ces choses que nous avons l&rsquo;habitude de faire chaque jour\u00a0et qui contribuent au changement climatique<\/strong>. Nous sommes tr\u00e8s forts pour extraire et bruler des combustibles fossiles. Nous sommes accros. Et c&rsquo;est tellement confortable ! Mais nous devons arr\u00eater. Tous autant que nous sommes. Tout de suite. Et cela commence par admettre que nous faisons partie du probl\u00e8me. Esp\u00e9rons que la\u00a0<a href=\"http:\/\/www.cop21paris.org\/\" target=\"_blank\">COP 21<\/a>\u00a0nous montre la voix&#8230;<\/p>\n","protected":false},"excerpt":{"rendered":"<p>Changement climatique : il ne s&rsquo;agit pas de stopper un m\u00e9chant&#8230; En avril dernier, Naomi Klein\u00a0est venu \u00e0 Castlegar, une petite ville \u00e0 c\u00f4t\u00e9 de chez moi, pour parler du&#8230;<\/p>\n","protected":false},"author":1,"featured_media":1719,"comment_status":"open","ping_status":"open","sticky":false,"template":"","format":"standard","meta":{"give_campaign_id":0,"footnotes":""},"categories":[53],"tags":[59,54,55,58,57,56],"class_list":{"0":"post-1718","1":"post","2":"type-post","3":"status-publish","4":"format-standard","5":"has-post-thumbnail","7":"category-dessin","8":"tag-cartoon","9":"tag-changement-climatique","10":"tag-cop21","11":"tag-dessin","12":"tag-naomi-klein","13":"tag-paris"},"yoast_head":"<!-- This site is optimized with the Yoast SEO plugin v27.5 - https:\/\/yoast.com\/product\/yoast-seo-wordpress\/ -->\n<title>Changement climatique: il ne s&#039;agit pas de stopper un m\u00e9chant<\/title>\n<meta name=\"description\" content=\"Changement climatique : il ne s&#039;agit pas de stopper UN m\u00e9chant... il s&#039;agit d&#039;arr\u00eater les choses que NOUS faisons TOUS chaque jour...\" \/>\n<meta name=\"robots\" content=\"index, follow, max-snippet:-1, max-image-preview:large, max-video-preview:-1\" \/>\n<link rel=\"canonical\" href=\"https:\/\/sustainabilityillustrated.com\/fr\/2015\/12\/17\/changement-climatique-dessin\/\" \/>\n<meta property=\"og:locale\" content=\"fr_FR\" \/>\n<meta property=\"og:type\" content=\"article\" \/>\n<meta property=\"og:title\" content=\"Changement climatique: il ne s&#039;agit pas de stopper un m\u00e9chant\" \/>\n<meta property=\"og:description\" content=\"Changement climatique : il ne s&#039;agit pas de stopper UN m\u00e9chant... il s&#039;agit d&#039;arr\u00eater les choses que NOUS faisons TOUS chaque jour...\" \/>\n<meta property=\"og:url\" content=\"https:\/\/sustainabilityillustrated.com\/fr\/2015\/12\/17\/changement-climatique-dessin\/\" \/>\n<meta property=\"og:site_name\" content=\"D\u00e9veloppement durable illustr\u00e9\" \/>\n<meta property=\"article:published_time\" content=\"2015-12-17T17:26:22+00:00\" \/>\n<meta property=\"article:modified_time\" content=\"2015-12-17T17:28:15+00:00\" \/>\n<meta property=\"og:image\" content=\"https:\/\/sustainabilityillustrated.com\/fr\/files\/2015\/12\/COP21-Dessin-ChangementClimatique-FR.png\" \/>\n\t<meta property=\"og:image:width\" content=\"1920\" \/>\n\t<meta property=\"og:image:height\" content=\"960\" \/>\n\t<meta property=\"og:image:type\" content=\"image\/png\" \/>\n<meta name=\"author\" content=\"Alex Magnin\" \/>\n<meta name=\"twitter:label1\" content=\"\u00c9crit par\" \/>\n\t<meta name=\"twitter:data1\" content=\"Alex Magnin\" \/>\n\t<meta name=\"twitter:label2\" content=\"Dur\u00e9e de lecture estim\u00e9e\" \/>\n\t<meta name=\"twitter:data2\" content=\"1 minute\" \/>\n<script type=\"application\/ld+json\" class=\"yoast-schema-graph\">{\"@context\":\"https:\\\/\\\/schema.org\",\"@graph\":[{\"@type\":\"Article\",\"@id\":\"https:\\\/\\\/sustainabilityillustrated.com\\\/fr\\\/2015\\\/12\\\/17\\\/changement-climatique-dessin\\\/#article\",\"isPartOf\":{\"@id\":\"https:\\\/\\\/sustainabilityillustrated.com\\\/fr\\\/2015\\\/12\\\/17\\\/changement-climatique-dessin\\\/\"},\"author\":{\"name\":\"Alex Magnin\",\"@id\":\"https:\\\/\\\/sustainabilityillustrated.com\\\/fr\\\/#\\\/schema\\\/person\\\/7594932a6c84a06c3f8515da3ab9f0a5\"},\"headline\":\"Changement climatique : il ne s&rsquo;agit pas de stopper un m\u00e9chant&#8230;\",\"datePublished\":\"2015-12-17T17:26:22+00:00\",\"dateModified\":\"2015-12-17T17:28:15+00:00\",\"mainEntityOfPage\":{\"@id\":\"https:\\\/\\\/sustainabilityillustrated.com\\\/fr\\\/2015\\\/12\\\/17\\\/changement-climatique-dessin\\\/\"},\"wordCount\":309,\"commentCount\":1,\"publisher\":{\"@id\":\"https:\\\/\\\/sustainabilityillustrated.com\\\/fr\\\/#organization\"},\"image\":{\"@id\":\"https:\\\/\\\/sustainabilityillustrated.com\\\/fr\\\/2015\\\/12\\\/17\\\/changement-climatique-dessin\\\/#primaryimage\"},\"thumbnailUrl\":\"https:\\\/\\\/sustainabilityillustrated.com\\\/fr\\\/files\\\/2015\\\/12\\\/COP21-Dessin-ChangementClimatique-FR.png\",\"keywords\":[\"cartoon\",\"changement climatique\",\"COP21\",\"dessin\",\"naomi klein\",\"paris\"],\"articleSection\":[\"Dessins\"],\"inLanguage\":\"fr-FR\",\"potentialAction\":[{\"@type\":\"CommentAction\",\"name\":\"Comment\",\"target\":[\"https:\\\/\\\/sustainabilityillustrated.com\\\/fr\\\/2015\\\/12\\\/17\\\/changement-climatique-dessin\\\/#respond\"]}]},{\"@type\":\"WebPage\",\"@id\":\"https:\\\/\\\/sustainabilityillustrated.com\\\/fr\\\/2015\\\/12\\\/17\\\/changement-climatique-dessin\\\/\",\"url\":\"https:\\\/\\\/sustainabilityillustrated.com\\\/fr\\\/2015\\\/12\\\/17\\\/changement-climatique-dessin\\\/\",\"name\":\"Changement climatique: il ne s'agit pas de stopper un m\u00e9chant\",\"isPartOf\":{\"@id\":\"https:\\\/\\\/sustainabilityillustrated.com\\\/fr\\\/#website\"},\"primaryImageOfPage\":{\"@id\":\"https:\\\/\\\/sustainabilityillustrated.com\\\/fr\\\/2015\\\/12\\\/17\\\/changement-climatique-dessin\\\/#primaryimage\"},\"image\":{\"@id\":\"https:\\\/\\\/sustainabilityillustrated.com\\\/fr\\\/2015\\\/12\\\/17\\\/changement-climatique-dessin\\\/#primaryimage\"},\"thumbnailUrl\":\"https:\\\/\\\/sustainabilityillustrated.com\\\/fr\\\/files\\\/2015\\\/12\\\/COP21-Dessin-ChangementClimatique-FR.png\",\"datePublished\":\"2015-12-17T17:26:22+00:00\",\"dateModified\":\"2015-12-17T17:28:15+00:00\",\"description\":\"Changement climatique : il ne s'agit pas de stopper UN m\u00e9chant... il s'agit d'arr\u00eater les choses que NOUS faisons TOUS chaque jour...\",\"breadcrumb\":{\"@id\":\"https:\\\/\\\/sustainabilityillustrated.com\\\/fr\\\/2015\\\/12\\\/17\\\/changement-climatique-dessin\\\/#breadcrumb\"},\"inLanguage\":\"fr-FR\",\"potentialAction\":[{\"@type\":\"ReadAction\",\"target\":[\"https:\\\/\\\/sustainabilityillustrated.com\\\/fr\\\/2015\\\/12\\\/17\\\/changement-climatique-dessin\\\/\"]}]},{\"@type\":\"ImageObject\",\"inLanguage\":\"fr-FR\",\"@id\":\"https:\\\/\\\/sustainabilityillustrated.com\\\/fr\\\/2015\\\/12\\\/17\\\/changement-climatique-dessin\\\/#primaryimage\",\"url\":\"https:\\\/\\\/sustainabilityillustrated.com\\\/fr\\\/files\\\/2015\\\/12\\\/COP21-Dessin-ChangementClimatique-FR.png\",\"contentUrl\":\"https:\\\/\\\/sustainabilityillustrated.com\\\/fr\\\/files\\\/2015\\\/12\\\/COP21-Dessin-ChangementClimatique-FR.png\",\"width\":1920,\"height\":960,\"caption\":\"Changement-Climatique-Dessin-COP21\"},{\"@type\":\"BreadcrumbList\",\"@id\":\"https:\\\/\\\/sustainabilityillustrated.com\\\/fr\\\/2015\\\/12\\\/17\\\/changement-climatique-dessin\\\/#breadcrumb\",\"itemListElement\":[{\"@type\":\"ListItem\",\"position\":1,\"name\":\"Accueil\",\"item\":\"https:\\\/\\\/sustainabilityillustrated.com\\\/fr\\\/\"},{\"@type\":\"ListItem\",\"position\":2,\"name\":\"Changement climatique : il ne s&rsquo;agit pas de stopper un m\u00e9chant&#8230;\"}]},{\"@type\":\"WebSite\",\"@id\":\"https:\\\/\\\/sustainabilityillustrated.com\\\/fr\\\/#website\",\"url\":\"https:\\\/\\\/sustainabilityillustrated.com\\\/fr\\\/\",\"name\":\"D\u00e9veloppement durable illustr\u00e9\",\"description\":\"Apprenez gratuitement avec des vid\u00e9os engageantes\",\"publisher\":{\"@id\":\"https:\\\/\\\/sustainabilityillustrated.com\\\/fr\\\/#organization\"},\"potentialAction\":[{\"@type\":\"SearchAction\",\"target\":{\"@type\":\"EntryPoint\",\"urlTemplate\":\"https:\\\/\\\/sustainabilityillustrated.com\\\/fr\\\/?s={search_term_string}\"},\"query-input\":{\"@type\":\"PropertyValueSpecification\",\"valueRequired\":true,\"valueName\":\"search_term_string\"}}],\"inLanguage\":\"fr-FR\"},{\"@type\":\"Organization\",\"@id\":\"https:\\\/\\\/sustainabilityillustrated.com\\\/fr\\\/#organization\",\"name\":\"D\u00e9veloppement durable illustr\u00e9\",\"url\":\"https:\\\/\\\/sustainabilityillustrated.com\\\/fr\\\/\",\"logo\":{\"@type\":\"ImageObject\",\"inLanguage\":\"fr-FR\",\"@id\":\"https:\\\/\\\/sustainabilityillustrated.com\\\/fr\\\/#\\\/schema\\\/logo\\\/image\\\/\",\"url\":\"https:\\\/\\\/sustainabilityillustrated.com\\\/fr\\\/files\\\/2020\\\/02\\\/Logo-Developpement-Durable-Illustre-Retina-2020.png\",\"contentUrl\":\"https:\\\/\\\/sustainabilityillustrated.com\\\/fr\\\/files\\\/2020\\\/02\\\/Logo-Developpement-Durable-Illustre-Retina-2020.png\",\"width\":700,\"height\":128,\"caption\":\"D\u00e9veloppement durable illustr\u00e9\"},\"image\":{\"@id\":\"https:\\\/\\\/sustainabilityillustrated.com\\\/fr\\\/#\\\/schema\\\/logo\\\/image\\\/\"},\"sameAs\":[\"https:\\\/\\\/x.com\\\/Sustain_Illustr\",\"https:\\\/\\\/www.linkedin.com\\\/in\\\/alexandremagnin\\\/\"]},{\"@type\":\"Person\",\"@id\":\"https:\\\/\\\/sustainabilityillustrated.com\\\/fr\\\/#\\\/schema\\\/person\\\/7594932a6c84a06c3f8515da3ab9f0a5\",\"name\":\"Alex Magnin\",\"image\":{\"@type\":\"ImageObject\",\"inLanguage\":\"fr-FR\",\"@id\":\"https:\\\/\\\/secure.gravatar.com\\\/avatar\\\/6d51ef1770b1ee8a8cbd1ecd48d0446b6666c4a9d40626d4e27af7a949500ad6?s=96&d=mm&r=g\",\"url\":\"https:\\\/\\\/secure.gravatar.com\\\/avatar\\\/6d51ef1770b1ee8a8cbd1ecd48d0446b6666c4a9d40626d4e27af7a949500ad6?s=96&d=mm&r=g\",\"contentUrl\":\"https:\\\/\\\/secure.gravatar.com\\\/avatar\\\/6d51ef1770b1ee8a8cbd1ecd48d0446b6666c4a9d40626d4e27af7a949500ad6?s=96&d=mm&r=g\",\"caption\":\"Alex Magnin\"},\"description\":\"Alex Magnin is a sustainability consultant and illustrator, the founder of AM Creative Inc. and the creator of Sustainability Illustrated. He creates animation videos and cartoons to illustrate sustainable change using years of experience drawing and working as a sustainability consultant with businesses and communities.\",\"sameAs\":[\"https:\\\/\\\/www.linkedin.com\\\/in\\\/alexandremagnin\\\/\"],\"url\":\"https:\\\/\\\/sustainabilityillustrated.com\\\/fr\\\/author\\\/admin\\\/\"}]}<\/script>\n<!-- \/ Yoast SEO plugin. -->","yoast_head_json":{"title":"Changement climatique: il ne s'agit pas de stopper un m\u00e9chant","description":"Changement climatique : il ne s'agit pas de stopper UN m\u00e9chant... il s'agit d'arr\u00eater les choses que NOUS faisons TOUS chaque jour...","robots":{"index":"index","follow":"follow","max-snippet":"max-snippet:-1","max-image-preview":"max-image-preview:large","max-video-preview":"max-video-preview:-1"},"canonical":"https:\/\/sustainabilityillustrated.com\/fr\/2015\/12\/17\/changement-climatique-dessin\/","og_locale":"fr_FR","og_type":"article","og_title":"Changement climatique: il ne s'agit pas de stopper un m\u00e9chant","og_description":"Changement climatique : il ne s'agit pas de stopper UN m\u00e9chant... il s'agit d'arr\u00eater les choses que NOUS faisons TOUS chaque jour...","og_url":"https:\/\/sustainabilityillustrated.com\/fr\/2015\/12\/17\/changement-climatique-dessin\/","og_site_name":"D\u00e9veloppement durable illustr\u00e9","article_published_time":"2015-12-17T17:26:22+00:00","article_modified_time":"2015-12-17T17:28:15+00:00","og_image":[{"width":1920,"height":960,"url":"https:\/\/sustainabilityillustrated.com\/fr\/files\/2015\/12\/COP21-Dessin-ChangementClimatique-FR.png","type":"image\/png"}],"author":"Alex Magnin","twitter_misc":{"\u00c9crit par":"Alex Magnin","Dur\u00e9e de lecture estim\u00e9e":"1 minute"},"schema":{"@context":"https:\/\/schema.org","@graph":[{"@type":"Article","@id":"https:\/\/sustainabilityillustrated.com\/fr\/2015\/12\/17\/changement-climatique-dessin\/#article","isPartOf":{"@id":"https:\/\/sustainabilityillustrated.com\/fr\/2015\/12\/17\/changement-climatique-dessin\/"},"author":{"name":"Alex Magnin","@id":"https:\/\/sustainabilityillustrated.com\/fr\/#\/schema\/person\/7594932a6c84a06c3f8515da3ab9f0a5"},"headline":"Changement climatique : il ne s&rsquo;agit pas de stopper un m\u00e9chant&#8230;","datePublished":"2015-12-17T17:26:22+00:00","dateModified":"2015-12-17T17:28:15+00:00","mainEntityOfPage":{"@id":"https:\/\/sustainabilityillustrated.com\/fr\/2015\/12\/17\/changement-climatique-dessin\/"},"wordCount":309,"commentCount":1,"publisher":{"@id":"https:\/\/sustainabilityillustrated.com\/fr\/#organization"},"image":{"@id":"https:\/\/sustainabilityillustrated.com\/fr\/2015\/12\/17\/changement-climatique-dessin\/#primaryimage"},"thumbnailUrl":"https:\/\/sustainabilityillustrated.com\/fr\/files\/2015\/12\/COP21-Dessin-ChangementClimatique-FR.png","keywords":["cartoon","changement climatique","COP21","dessin","naomi klein","paris"],"articleSection":["Dessins"],"inLanguage":"fr-FR","potentialAction":[{"@type":"CommentAction","name":"Comment","target":["https:\/\/sustainabilityillustrated.com\/fr\/2015\/12\/17\/changement-climatique-dessin\/#respond"]}]},{"@type":"WebPage","@id":"https:\/\/sustainabilityillustrated.com\/fr\/2015\/12\/17\/changement-climatique-dessin\/","url":"https:\/\/sustainabilityillustrated.com\/fr\/2015\/12\/17\/changement-climatique-dessin\/","name":"Changement climatique: il ne s'agit pas de stopper un m\u00e9chant","isPartOf":{"@id":"https:\/\/sustainabilityillustrated.com\/fr\/#website"},"primaryImageOfPage":{"@id":"https:\/\/sustainabilityillustrated.com\/fr\/2015\/12\/17\/changement-climatique-dessin\/#primaryimage"},"image":{"@id":"https:\/\/sustainabilityillustrated.com\/fr\/2015\/12\/17\/changement-climatique-dessin\/#primaryimage"},"thumbnailUrl":"https:\/\/sustainabilityillustrated.com\/fr\/files\/2015\/12\/COP21-Dessin-ChangementClimatique-FR.png","datePublished":"2015-12-17T17:26:22+00:00","dateModified":"2015-12-17T17:28:15+00:00","description":"Changement climatique : il ne s'agit pas de stopper UN m\u00e9chant... il s'agit d'arr\u00eater les choses que NOUS faisons TOUS chaque jour...","breadcrumb":{"@id":"https:\/\/sustainabilityillustrated.com\/fr\/2015\/12\/17\/changement-climatique-dessin\/#breadcrumb"},"inLanguage":"fr-FR","potentialAction":[{"@type":"ReadAction","target":["https:\/\/sustainabilityillustrated.com\/fr\/2015\/12\/17\/changement-climatique-dessin\/"]}]},{"@type":"ImageObject","inLanguage":"fr-FR","@id":"https:\/\/sustainabilityillustrated.com\/fr\/2015\/12\/17\/changement-climatique-dessin\/#primaryimage","url":"https:\/\/sustainabilityillustrated.com\/fr\/files\/2015\/12\/COP21-Dessin-ChangementClimatique-FR.png","contentUrl":"https:\/\/sustainabilityillustrated.com\/fr\/files\/2015\/12\/COP21-Dessin-ChangementClimatique-FR.png","width":1920,"height":960,"caption":"Changement-Climatique-Dessin-COP21"},{"@type":"BreadcrumbList","@id":"https:\/\/sustainabilityillustrated.com\/fr\/2015\/12\/17\/changement-climatique-dessin\/#breadcrumb","itemListElement":[{"@type":"ListItem","position":1,"name":"Accueil","item":"https:\/\/sustainabilityillustrated.com\/fr\/"},{"@type":"ListItem","position":2,"name":"Changement climatique : il ne s&rsquo;agit pas de stopper un m\u00e9chant&#8230;"}]},{"@type":"WebSite","@id":"https:\/\/sustainabilityillustrated.com\/fr\/#website","url":"https:\/\/sustainabilityillustrated.com\/fr\/","name":"D\u00e9veloppement durable illustr\u00e9","description":"Apprenez gratuitement avec des vid\u00e9os engageantes","publisher":{"@id":"https:\/\/sustainabilityillustrated.com\/fr\/#organization"},"potentialAction":[{"@type":"SearchAction","target":{"@type":"EntryPoint","urlTemplate":"https:\/\/sustainabilityillustrated.com\/fr\/?s={search_term_string}"},"query-input":{"@type":"PropertyValueSpecification","valueRequired":true,"valueName":"search_term_string"}}],"inLanguage":"fr-FR"},{"@type":"Organization","@id":"https:\/\/sustainabilityillustrated.com\/fr\/#organization","name":"D\u00e9veloppement durable illustr\u00e9","url":"https:\/\/sustainabilityillustrated.com\/fr\/","logo":{"@type":"ImageObject","inLanguage":"fr-FR","@id":"https:\/\/sustainabilityillustrated.com\/fr\/#\/schema\/logo\/image\/","url":"https:\/\/sustainabilityillustrated.com\/fr\/files\/2020\/02\/Logo-Developpement-Durable-Illustre-Retina-2020.png","contentUrl":"https:\/\/sustainabilityillustrated.com\/fr\/files\/2020\/02\/Logo-Developpement-Durable-Illustre-Retina-2020.png","width":700,"height":128,"caption":"D\u00e9veloppement durable illustr\u00e9"},"image":{"@id":"https:\/\/sustainabilityillustrated.com\/fr\/#\/schema\/logo\/image\/"},"sameAs":["https:\/\/x.com\/Sustain_Illustr","https:\/\/www.linkedin.com\/in\/alexandremagnin\/"]},{"@type":"Person","@id":"https:\/\/sustainabilityillustrated.com\/fr\/#\/schema\/person\/7594932a6c84a06c3f8515da3ab9f0a5","name":"Alex Magnin","image":{"@type":"ImageObject","inLanguage":"fr-FR","@id":"https:\/\/secure.gravatar.com\/avatar\/6d51ef1770b1ee8a8cbd1ecd48d0446b6666c4a9d40626d4e27af7a949500ad6?s=96&d=mm&r=g","url":"https:\/\/secure.gravatar.com\/avatar\/6d51ef1770b1ee8a8cbd1ecd48d0446b6666c4a9d40626d4e27af7a949500ad6?s=96&d=mm&r=g","contentUrl":"https:\/\/secure.gravatar.com\/avatar\/6d51ef1770b1ee8a8cbd1ecd48d0446b6666c4a9d40626d4e27af7a949500ad6?s=96&d=mm&r=g","caption":"Alex Magnin"},"description":"Alex Magnin is a sustainability consultant and illustrator, the founder of AM Creative Inc. and the creator of Sustainability Illustrated. He creates animation videos and cartoons to illustrate sustainable change using years of experience drawing and working as a sustainability consultant with businesses and communities.","sameAs":["https:\/\/www.linkedin.com\/in\/alexandremagnin\/"],"url":"https:\/\/sustainabilityillustrated.com\/fr\/author\/admin\/"}]}},"_links":{"self":[{"href":"https:\/\/sustainabilityillustrated.com\/fr\/wp-json\/wp\/v2\/posts\/1718","targetHints":{"allow":["GET"]}}],"collection":[{"href":"https:\/\/sustainabilityillustrated.com\/fr\/wp-json\/wp\/v2\/posts"}],"about":[{"href":"https:\/\/sustainabilityillustrated.com\/fr\/wp-json\/wp\/v2\/types\/post"}],"author":[{"embeddable":true,"href":"https:\/\/sustainabilityillustrated.com\/fr\/wp-json\/wp\/v2\/users\/1"}],"replies":[{"embeddable":true,"href":"https:\/\/sustainabilityillustrated.com\/fr\/wp-json\/wp\/v2\/comments?post=1718"}],"version-history":[{"count":0,"href":"https:\/\/sustainabilityillustrated.com\/fr\/wp-json\/wp\/v2\/posts\/1718\/revisions"}],"wp:featuredmedia":[{"embeddable":true,"href":"https:\/\/sustainabilityillustrated.com\/fr\/wp-json\/wp\/v2\/media\/1719"}],"wp:attachment":[{"href":"https:\/\/sustainabilityillustrated.com\/fr\/wp-json\/wp\/v2\/media?parent=1718"}],"wp:term":[{"taxonomy":"category","embeddable":true,"href":"https:\/\/sustainabilityillustrated.com\/fr\/wp-json\/wp\/v2\/categories?post=1718"},{"taxonomy":"post_tag","embeddable":true,"href":"https:\/\/sustainabilityillustrated.com\/fr\/wp-json\/wp\/v2\/tags?post=1718"}],"curies":[{"name":"wp","href":"https:\/\/api.w.org\/{rel}","templated":true}]}}